{"id":10386,"date":"2021-04-07T11:07:31","date_gmt":"2021-04-07T15:07:31","guid":{"rendered":"https:\/\/cbba.tienda.incerpaz.com\/?p=10386"},"modified":"2021-04-07T11:08:56","modified_gmt":"2021-04-07T15:08:56","slug":"la-competicion-para-el-progreso","status":"publish","type":"post","link":"https:\/\/cbba.tienda.incerpaz.com\/?p=10386","title":{"rendered":"LA COMPETICI\u00d3N PARA EL PROGRESO"},"content":{"rendered":"\t\t<div data-elementor-type=\"wp-post\" data-elementor-id=\"10386\" class=\"elementor elementor-10386\" data-elementor-post-type=\"post\">\n\t\t\t\t\t\t<section class=\"wd-negative-gap elementor-section elementor-top-section elementor-element elementor-element-e3045e2 elementor-section-boxed elementor-section-height-default elementor-section-height-default\" data-id=\"e3045e2\" data-element_type=\"section\" data-e-type=\"section\">\n\t\t\t\t\t\t<div class=\"elementor-container elementor-column-gap-default\">\n\t\t\t\t\t<div class=\"elementor-column elementor-col-100 elementor-top-column elementor-element elementor-element-ba88cf4\" data-id=\"ba88cf4\" data-element_type=\"column\" data-e-type=\"column\">\n\t\t\t<div class=\"elementor-widget-wrap elementor-element-populated\">\n\t\t\t\t\t\t<div class=\"elementor-element elementor-element-47ad513 color-scheme-inherit text-left elementor-widget elementor-widget-text-editor\" data-id=\"47ad513\" data-element_type=\"widget\" data-e-type=\"widget\" data-widget_type=\"text-editor.default\">\n\t\t\t\t<div class=\"elementor-widget-container\">\n\t\t\t\t\t\t\t\t\t<p>Por David Paz<\/p><p>Nuestra familia proviene de la cultura Aymara y quechua, nuestros fundadores y patriarcas fueron formados por algunos preceptos que reg\u00edan sus acciones.<br \/>El respeto por la pachamama (la madre tierra), el trabajo en equipo, la cooperaci\u00f3n entre los vecinos y la justicia (con un corregidor) hac\u00eda que la comunidad viva en armon\u00eda y progrese en forma armoniosa.<\/p><p>Precisamente hay un concepto que quiero traerlo a nuestra \u00e9poca, a esta etapa que vivimos: el AYNI.<\/p><p>AYNI es una palabra quechua que significa cooperaci\u00f3n y solidaridad rec\u00edproca. M\u00e1s que palabra, es una forma de vida de los pueblos originarios; Americanos en general y Andinos en particular, que se manifiesta como relaciones sociales basadas en la ayuda mutua y reciprocidad. Este concepto milenario se convirti\u00f3 en una forma de desarrollo comunitario en el cual se baso el esquema econ\u00f3mico de las regiones altipl\u00e1nicas de Sudamerica. En nuestro caso esta influencia fue muy notoria en la forma de vida que ten\u00edan nuestros progenitores.<\/p><p>Pap\u00e1 al recorrer los recuerdos de su infancia nos describ\u00eda lo que significaba para \u00e9l esta forma de vida, en su relato el dec\u00eda: \u201cten\u00edamos que ayudar a nuestros vecinos en \u00e9poca de siembra o cosecha para que cuando nosotros necesitemos de su ayuda podamos pedirles el apoyo\u201d.<\/p><p>En su caso eso se quebr\u00f3 y los destin\u00f3 a la pobreza cuando su pap\u00e1 sufri\u00f3 un accidente y qued\u00f3 paral\u00edtico. Una familia en el campo, donde el jefe de la familia no pod\u00eda ofrecer el mayor de sus recursos a la comunidad r\u00e1pidamente era desplazado y olvidado. Es por eso que Pap\u00e1 decidi\u00f3 dejar el campo y buscar d\u00edas mejores\u2026<\/p><p>El AYNI se convirti\u00f3 para mi pap\u00e1 una forma de progreso que deb\u00eda incorporarlo en su familia y fue as\u00ed que \u00e9l nos ense\u00f1\u00f3 a trabajar y cooperar en familia, cuando los hijos llegaban, r\u00e1pidamente los incorporaba a la fuerza laboral. Desde chicos nos ense\u00f1aba alg\u00fan oficio o actividad y cuando era posible nos pon\u00eda a generar ingresos, ah\u00ed lleg\u00f3 otra de sus m\u00e1ximas: \u201cde la calle s\u00f3lo conseguir\u00e1s vicios y vagancia, en la tienda aprender\u00e1s un oficio y nunca te faltar\u00e1 el pan\u201d eso nos dec\u00eda al momento de separarnos de los amigos del barrio que en la juventud te incitaban a los vicios.<\/p><p>Etapas pasaron en la historia de la familia, los hijos se convirtieron en pap\u00e1s y dejamos de usar esas m\u00e1ximas, pensando que le hac\u00edamos un bien a nuestros hijos y creamos otras: \u201cno quiero que mis hijos pasen por lo que pase, as\u00ed que les dar\u00e9 todo lo que necesiten\u201d era una de ellas y alejamos a nuestros hijos del trabajo, de los ambientes que pap\u00e1 nos ense\u00f1\u00f3. Algunos, los nietos mayores todav\u00eda vivieron una \u00e9poca en la que crecieron en la tienda, participaron en su temprana edad en el desarrollo del negocio, los m\u00e1s j\u00f3venes no tuvieron esa oportunidad y solo disfrutaron del arduo trabajo de las primeras generaciones.<\/p><p>Hoy las cosas est\u00e1n cambiando, estamos viviendo una etapa hist\u00f3rica, se repiten restricciones a la actividad econ\u00f3mica que hicieron hace 100 a\u00f1os. No vivimos una \u00e9poca as\u00ed. Los mayores de la familia ya vivieron \u00e9pocas de crisis, pasaron por golpes de estado, crisis econ\u00f3micas, crisis pol\u00edticas y aprendieron a trabajar de esa forma.<\/p><p>La generaci\u00f3n que ahora est\u00e1 al mando se prepar\u00f3 con nuevas herramientas, pero nunca afrontamos una crisis como la que tenemos al frente. La buena noticia es que a diferencia de nuestros predecesores, contamos con mas y mejores recursos!<\/p><p>Tenemos reservas que nos permiten seguir adelante, tenemos mayor preparaci\u00f3n t\u00e9cnica, hemos cumplido con nuestros acreedores y ellos nos brindan su apoyo!, los trabajadores est\u00e1n dispuestos a apoyarnos para que la empresa siga operando, nuestros clientes conf\u00edan en la solidez del grupo y principalmente de la familia. Es una gran crisis, pero estamos preparados para afrontarla. No ser\u00e1 algo f\u00e1cil, pero conf\u00edo en que podremos salir airosos de esta prueba.<\/p><p>El titulo de este articulo sugiere algo muy importante: debemos competir pero a la vez cooperar entre nosotros, solo as\u00ed podremos salir adelante, nuestras empresas son independientes, tienen sus propios gerentes y de alguna forma tienen cierta libertad para tomar decisiones locales, esto hace que la empresa pueda ser \u00e1gil en la toma de decisiones, en algunos caso eso nos permite desarrollar algunas cosas nuevas que las otras empresas tratan de emular, queremos ser los mejores entre las empresas y eso hace que localmente podamos esforzarnos mas. Esta forma de organizaci\u00f3n es muy \u00fatil porque somos competitivos por naturaleza, as\u00ed lo vivimos todos los a\u00f1os en diciembre, con los juegos familiares que realizamos, todos quieren ganar! se esfuerzan y hacen cosas incre\u00edbles! ahora es momento de usar ese entrenamiento y trabajar para dominar el rubro en el pa\u00eds.<\/p><p>Algo que es muy importante es que debemos trabajar en conjunto, no se olviden que estamos en el mismo barco y estamos navegando en aguas turbulentas. TODOS debemos hacer un esfuerzo, algunos m\u00e1s que otros pero todos debemos ponerle el hombro al grupo. Es ahora que debemos recordar de d\u00f3nde venimos, debemos honrar la memoria de nuestros fundadores que ya no est\u00e1n aqu\u00ed con hechos, con ese esp\u00edritu de unidad que caracteriza a la familia.<\/p><p>Les invito a que se pongan a disposici\u00f3n de los que est\u00e1n al frente de la batalla. Les aseguro que como emprendedores esto lo tenemos en nuestro ADN. No le tengan miedo al trabajo o a emprender, no estamos solos, somos una gran familia y entre nosotros nos apoyaremos para salir de esta y luego liderar la nueva era.<\/p><p>Finalmente quiero recordarles que la gente que sobresale, los EXTRAordinarios hacen casas que otros no est\u00e1n dispuestos a hacer y necesitamos que TODOS los integrantes de la familia busquen un \u00e1rea en la que puedan aportar y lo hagan. Este es su momento.<\/p><p>Esta nueva generaci\u00f3n naci\u00f3 para esto: escribir la siguiente pagina gloriosa de la familia, ahora es cuando debemos llegar al siguiente nivel.<\/p>\t\t\t\t\t\t\t\t<\/div>\n\t\t\t\t<\/div>\n\t\t\t\t\t<\/div>\n\t\t<\/div>\n\t\t\t\t\t<\/div>\n\t\t<\/section>\n\t\t\t\t<\/div>\n\t\t","protected":false},"excerpt":{"rendered":"<p>Por David Paz Nuestra familia proviene de la cultura Aymara y quechua, nuestros fundadores y patriarcas fueron formados por algunos<\/p>\n","protected":false},"author":1,"featured_media":10359,"comment_status":"open","ping_status":"open","sticky":false,"template":"","format":"standard","meta":{"_jetpack_memberships_contains_paid_content":false,"footnotes":""},"categories":[98,99],"tags":[],"class_list":["post-10386","post","type-post","status-publish","format-standard","has-post-thumbnail","hentry","category-proyectos","category-tecnologia"],"jetpack_featured_media_url":"https:\/\/cbba.tienda.incerpaz.com\/wp-content\/uploads\/2021\/04\/BLOG-POST-progresoultimo.jpg","jetpack_sharing_enabled":true,"_links":{"self":[{"href":"https:\/\/cbba.tienda.incerpaz.com\/index.php?rest_route=\/wp\/v2\/posts\/10386","targetHints":{"allow":["GET"]}}],"collection":[{"href":"https:\/\/cbba.tienda.incerpaz.com\/index.php?rest_route=\/wp\/v2\/posts"}],"about":[{"href":"https:\/\/cbba.tienda.incerpaz.com\/index.php?rest_route=\/wp\/v2\/types\/post"}],"author":[{"embeddable":true,"href":"https:\/\/cbba.tienda.incerpaz.com\/index.php?rest_route=\/wp\/v2\/users\/1"}],"replies":[{"embeddable":true,"href":"https:\/\/cbba.tienda.incerpaz.com\/index.php?rest_route=%2Fwp%2Fv2%2Fcomments&post=10386"}],"version-history":[{"count":5,"href":"https:\/\/cbba.tienda.incerpaz.com\/index.php?rest_route=\/wp\/v2\/posts\/10386\/revisions"}],"predecessor-version":[{"id":10469,"href":"https:\/\/cbba.tienda.incerpaz.com\/index.php?rest_route=\/wp\/v2\/posts\/10386\/revisions\/10469"}],"wp:featuredmedia":[{"embeddable":true,"href":"https:\/\/cbba.tienda.incerpaz.com\/index.php?rest_route=\/wp\/v2\/media\/10359"}],"wp:attachment":[{"href":"https:\/\/cbba.tienda.incerpaz.com\/index.php?rest_route=%2Fwp%2Fv2%2Fmedia&parent=10386"}],"wp:term":[{"taxonomy":"category","embeddable":true,"href":"https:\/\/cbba.tienda.incerpaz.com\/index.php?rest_route=%2Fwp%2Fv2%2Fcategories&post=10386"},{"taxonomy":"post_tag","embeddable":true,"href":"https:\/\/cbba.tienda.incerpaz.com\/index.php?rest_route=%2Fwp%2Fv2%2Ftags&post=10386"}],"curies":[{"name":"wp","href":"https:\/\/api.w.org\/{rel}","templated":true}]}}